{"id":3273,"date":"2021-05-13T15:51:37","date_gmt":"2021-05-13T15:51:37","guid":{"rendered":"https:\/\/gamerszovetseg.hu\/?p=3273"},"modified":"2021-05-13T16:42:00","modified_gmt":"2021-05-13T16:42:00","slug":"eivor-harcba-indul-a-druidak-ellen-startol-az-assassins-creed-uj-kiegeszitoje","status":"publish","type":"post","link":"https:\/\/gamerszovetseg.hu\/?p=3273","title":{"rendered":"Eivor harcba indul a druid\u00e1k ellen \u2013 startol az Assassin&#8217;s Creed \u00faj kieg\u00e9sz\u00edt\u0151je"},"content":{"rendered":"<p>Az el\u0151zetes h\u00edrek szerint a mai napon v\u00e1lik el\u00e9rhet\u0151v\u00e9 a j\u00e1t\u00e9kosok sz\u00e1m\u00e1ra az Assassin&#8217;s Creed Valhalla els\u0151 nagy kieg\u00e9sz\u00edt\u0151je, a Wrath of the Druids. Az Ubisoft fejleszt\u0151csapata eredetileg 2021. \u00e1prilis 29-\u00e9re tervezte a startot, az utols\u00f3 sim\u00edt\u00e1sok elv\u00e9gz\u00e9se azonban az eredetileg tervezettn\u00e9l t\u00f6bb id\u0151t vett ig\u00e9nybe, \u00edgy v\u00e9g\u00fcl mintegy k\u00e9t h\u00e9ttel kitolt\u00e1k az indul\u00e1si d\u00e1tumot.<\/p><p>Az \u00faj t\u00f6rt\u00e9net k\u00f6zponti alakja a kor\u00e1bbr\u00f3l m\u00e1r j\u00f3l ismert viking harcosn\u0151, Eivor Varinsdottir, aki ez\u00fattal \u00cdrorsz\u00e1gban bukkan fel, hogy egyes\u00edtse \u00e9s harcba h\u00edvja a sziget lak\u00f3it a Danu Gyermekei n\u00e9ven ismert druida kultusz k\u00e9pvisel\u0151i ellen, akiknek fedez\u00e9k\u00e9ben val\u00f3j\u00e1ban az \u0150s\u00f6k Rendje helyi \u00fcgyn\u00f6kei sz\u00f6v\u00f6getik \u00e1rm\u00e1nyaikat.<\/p><p>A j\u00e1t\u00e9k komoly hangs\u00falyt fektet a gael kult\u00fara \u00e9s folkl\u00f3r, valamint \u00cdrorsz\u00e1g r\u00e9gm\u00faltj\u00e1nak bemutat\u00e1s\u00e1ra. Megcsod\u00e1lhatjuk benne az &#8222;\u00f3ri\u00e1s \u00fatja&#8221; (Giant&#8217;s Causeway) vulkanikus bazaltoszlopait, elzar\u00e1ndokolhatunk Tara \u0151si \u00e9p\u00fcletmaradv\u00e1nyair\u00f3l h\u00edres dombj\u00e1ra (Tara Hill), s bej\u00e1rhatjuk a 9. sz\u00e1zadi Dublint is. Emellett sz\u00f6vets\u00e9geket k\u00f6thet\u00fcnk, barangolhatunk k\u00eds\u00e9rtetj\u00e1rta erd\u0151kben, s k\u00fcl\u00f6nf\u00e9le mitikus l\u00e9nyekkel is harcba sz\u00e1llhatunk.<\/p><p>Fontos tudnival\u00f3, hogy a j\u00e1t\u00e9kosoknak nem felt\u00e9tlen\u00fcl kell v\u00e9gigmenni\u00fck a kor\u00e1bbi sztori eg\u00e9sz\u00e9n ahhoz, hogy bekapcsol\u00f3dhassanak a kieg\u00e9sz\u00edt\u0151 esem\u00e9nyeibe, a h\u00edrek szerint elegend\u0151, ha az angliai sz\u00e1l egyes elemeit (Grantebridgescire \/ Ledecestrescire) teljes\u00edtik.<\/p><p>L\u00e1ssuk, vajon \u00f6sszeomlik-e a rendszer a nagy \u00e9rdekl\u0151d\u00e9s miatt <strong>\u2013<\/strong> \u00e9rkeztek olyan h\u00edrek, miszerint nem probl\u00e9mamentes az indul\u00e1s <strong>\u2013<\/strong>, vagy g\u00f6rd\u00fcl\u00e9kenyen zajlik le a start?<\/p><p>Forr\u00e1s:<\/p><p><a href=\"https:\/\/www.gameinformer.com\/2021\/05\/12\/assassins-creed-valhallas-wrath-of-the-druids-expansion-arrives-tomorrow\">https:\/\/www.gameinformer.com\/2021\/05\/12\/assassins-creed-valhallas-wrath-of-the-druids-expansion-arrives-tomorrow<\/a><\/p><p>K\u00e9p: https:\/\/cceit.com\/new-conflict-in-dlc-wrath-of-druids-trailer-for-assassins-creed-valhalla\/<\/p><p><\/p><p><\/p>","protected":false},"excerpt":{"rendered":"<p>Az el\u0151zetes h\u00edrek szerint a mai napon v\u00e1lik el\u00e9rhet\u0151v\u00e9 a j\u00e1t\u00e9kosok sz\u00e1m\u00e1ra az Assassin&#8217;s Creed Valhalla els\u0151 nagy kieg\u00e9sz\u00edt\u0151je, a Wrath of the Druids. Az Ubisoft fejleszt\u0151csapata eredetileg 2021. \u00e1prilis 29-\u00e9re tervezte a startot, az utols\u00f3 sim\u00edt\u00e1sok elv\u00e9gz\u00e9se azonban az [&hellip;]<\/p>\n","protected":false},"author":3,"featured_media":0,"comment_status":"open","ping_status":"open","sticky":false,"template":"","format":"standard","meta":{"advanced_seo_description":"","jetpack_seo_html_title":"","jetpack_seo_noindex":false,"_jetpack_memberships_contains_paid_content":false,"footnotes":""},"categories":[75,85],"tags":[121,123,122],"class_list":["post-3273","post","type-post","status-publish","format-standard","hentry","category-gaming","category-hirek","tag-assassins-creed","tag-expansion","tag-wrath-of-the-druids"],"jetpack_featured_media_url":"","jetpack_sharing_enabled":true,"_links":{"self":[{"href":"https:\/\/gamerszovetseg.hu\/index.php?rest_route=\/wp\/v2\/posts\/3273","targetHints":{"allow":["GET"]}}],"collection":[{"href":"https:\/\/gamerszovetseg.hu\/index.php?rest_route=\/wp\/v2\/posts"}],"about":[{"href":"https:\/\/gamerszovetseg.hu\/index.php?rest_route=\/wp\/v2\/types\/post"}],"author":[{"embeddable":true,"href":"https:\/\/gamerszovetseg.hu\/index.php?rest_route=\/wp\/v2\/users\/3"}],"replies":[{"embeddable":true,"href":"https:\/\/gamerszovetseg.hu\/index.php?rest_route=%2Fwp%2Fv2%2Fcomments&post=3273"}],"version-history":[{"count":13,"href":"https:\/\/gamerszovetseg.hu\/index.php?rest_route=\/wp\/v2\/posts\/3273\/revisions"}],"predecessor-version":[{"id":3288,"href":"https:\/\/gamerszovetseg.hu\/index.php?rest_route=\/wp\/v2\/posts\/3273\/revisions\/3288"}],"wp:attachment":[{"href":"https:\/\/gamerszovetseg.hu\/index.php?rest_route=%2Fwp%2Fv2%2Fmedia&parent=3273"}],"wp:term":[{"taxonomy":"category","embeddable":true,"href":"https:\/\/gamerszovetseg.hu\/index.php?rest_route=%2Fwp%2Fv2%2Fcategories&post=3273"},{"taxonomy":"post_tag","embeddable":true,"href":"https:\/\/gamerszovetseg.hu\/index.php?rest_route=%2Fwp%2Fv2%2Ftags&post=3273"}],"curies":[{"name":"wp","href":"https:\/\/api.w.org\/{rel}","templated":true}]}}